{"id":1485,"date":"2026-01-05T14:29:56","date_gmt":"2026-01-05T13:29:56","guid":{"rendered":"https:\/\/www.alda.com.uy\/blog\/?p=1485"},"modified":"2026-01-05T14:29:56","modified_gmt":"2026-01-05T13:29:56","slug":"por-que-el-primer-mes-de-publicacion-es-clave-para-vender-bien","status":"publish","type":"post","link":"https:\/\/www.alda.com.uy\/blog\/por-que-el-primer-mes-de-publicacion-es-clave-para-vender-bien\/","title":{"rendered":"Por qu\u00e9 el primer mes de publicaci\u00f3n es clave para vender bien"},"content":{"rendered":"<p><img loading=\"lazy\" decoding=\"async\" class=\"alignnone size-full wp-image-1496\" src=\"https:\/\/www.alda.com.uy\/blog\/wp-content\/uploads\/2025\/12\/Por-que-el-primer-mes-de-publicacion-es-clave-para-vender-bien.png\" alt=\"\" width=\"1200\" height=\"800\" \/><\/p>\n<p>El momento en que una propiedad sale al mercado es mucho m\u00e1s determinante de lo que muchos propietarios imaginan. El primer mes de publicaci\u00f3n concentra la mayor parte del inter\u00e9s real y define, en gran medida, el resultado final de la venta.<\/p>\n<p>Entender qu\u00e9 ocurre durante este per\u00edodo inicial ayuda a tomar mejores decisiones de precio, estrategia y negociaci\u00f3n, evitando errores que luego son dif\u00edciles de revertir.<\/p>\n<h2>El impacto del \u201cefecto novedad\u201d<\/h2>\n<p>Cuando una propiedad se publica por primera vez, aparece como una novedad para todos los compradores activos que est\u00e1n buscando en esa zona y rango de precio.<\/p>\n<p>Durante las primeras semanas, el aviso se muestra a usuarios que llevan tiempo siguiendo el mercado y est\u00e1n listos para avanzar. Es el momento de mayor exposici\u00f3n org\u00e1nica y atenci\u00f3n.<\/p>\n<p>Una vez que la propiedad deja de ser nueva, pierde protagonismo frente a ingresos m\u00e1s recientes.<\/p>\n<h2>Los compradores m\u00e1s calificados aparecen al inicio<\/h2>\n<p>Los compradores que monitorean el mercado de forma constante suelen ser los m\u00e1s informados y decididos. Son quienes reaccionan r\u00e1pido cuando aparece una oportunidad alineada con sus criterios.<\/p>\n<p>Si el precio y la presentaci\u00f3n son correctos, estas primeras visitas suelen generar las mejores ofertas.<\/p>\n<p>Despu\u00e9s del primer mes, muchas consultas provienen de compradores menos urgentes o m\u00e1s especulativos.<\/p>\n<h2>El precio inicial condiciona toda la percepci\u00f3n posterior<\/h2>\n<p>El valor con el que una propiedad sale al mercado act\u00faa como referencia mental para compradores y colegas inmobiliarios.<\/p>\n<p>Si el precio inicial es elevado y luego se realizan ajustes, la propiedad queda \u201cmarcada\u201d como sobrevaluada, incluso cuando se acerca a su valor real.<\/p>\n<p>El mercado recuerda el primer precio.<\/p>\n<h2>M\u00e1s tiempo publicado no significa m\u00e1s valor<\/h2>\n<p>Existe la creencia de que sostener una propiedad en el mercado eventualmente llevar\u00e1 al precio deseado. En la pr\u00e1ctica, ocurre lo contrario.<\/p>\n<p>Cuanto m\u00e1s tiempo pasa sin venderse, mayor es la percepci\u00f3n de que algo no cierra: precio, estado, ubicaci\u00f3n o expectativas del vendedor.<\/p>\n<p>La urgencia se traslada del comprador al propietario.<\/p>\n<h2>El desgaste de la propiedad en portales y recorridos<\/h2>\n<p>Una propiedad muy vista y poco consultada empieza a generar rechazo impl\u00edcito. Los compradores frecuentes reconocen avisos antiguos y tienden a descartarlos autom\u00e1ticamente.<\/p>\n<p>Incluso en visitas presenciales, una propiedad que \u201cya lleva tiempo publicada\u201d suele recibir ofertas m\u00e1s bajas.<\/p>\n<p>El tiempo juega en contra si no hay resultados.<\/p>\n<h2>El primer mes define la calidad de la negociaci\u00f3n<\/h2>\n<p>Las mejores negociaciones suelen darse cuando hay inter\u00e9s genuino y competencia potencial entre compradores.<\/p>\n<p>Durante el primer mes, es m\u00e1s probable recibir consultas simult\u00e1neas, lo que fortalece la posici\u00f3n del vendedor.<\/p>\n<p>Con el paso del tiempo, la negociaci\u00f3n se vuelve defensiva.<\/p>\n<h2>La estrategia de lanzamiento es clave<\/h2>\n<p>Publicar una propiedad no es solo \u201csubir un aviso\u201d. Fotos, descripci\u00f3n, precio y difusi\u00f3n deben estar alineados desde el primer d\u00eda.<\/p>\n<p>Corregir errores luego del lanzamiento reduce el impacto inicial y obliga a compensar con ajustes de precio.<\/p>\n<p>La primera impresi\u00f3n no se repite.<\/p>\n<h2>Se\u00f1ales claras que da el mercado en las primeras semanas<\/h2>\n<p>El comportamiento del mercado durante el primer mes ofrece informaci\u00f3n valiosa:<\/p>\n<ul>\n<li>Muchas consultas y pocas visitas: el precio puede estar alto<\/li>\n<li>Visitas sin ofertas: hay una brecha entre expectativa y realidad<\/li>\n<li>Poca visibilidad: el precio est\u00e1 fuera de rango<\/li>\n<\/ul>\n<p>Leer estas se\u00f1ales a tiempo permite ajustar la estrategia antes de que el aviso se desgaste.<\/p>\n<h2>Vender bien no es vender r\u00e1pido, pero tampoco lento<\/h2>\n<p>Un buen primer mes no implica cerrar de inmediato, sino generar inter\u00e9s real, visitas calificadas y conversaciones concretas.<\/p>\n<p>Las propiedades que se venden al mejor precio suelen hacerlo dentro de un plazo razonable, sin necesidad de m\u00faltiples correcciones.<\/p>\n<p>El primer mes no garantiza la venta, pero s\u00ed define si el proceso ser\u00e1 s\u00f3lido o cuesta arriba.<\/p>\n<p>Por eso, fijar correctamente el precio y lanzar la propiedad con una estrategia clara desde el inicio es una de las decisiones m\u00e1s importantes para vender bien.<\/p>\nTambi\u00e9n te recomendamos visitar:\r\n<ul>\r\n \t<li><a href=\"https:\/\/alda.com.uy\/\" target=\"_blank\" rel=\"noopener\">Inmobiliaria en Montevideo y Piriapolis<\/a><\/li>\r\n<\/ul>\r\n<ul>\r\n \t<li><a href=\"https:\/\/alda.com.uy\/venta\/casas\/maldonado\/\" target=\"_blank\" rel=\"noopener\">Venta de Casas en Maldonado<\/a><\/li>\r\n<\/ul>\r\n<ul>\r\n \t<li><a href=\"https:\/\/alda.com.uy\/venta\/casas\/maldonado\/piriapolis\/\" target=\"_blank\" rel=\"noopener\">Venta de Casas en Piriapolis<\/a><\/li>\r\n<\/ul>\r\n<ul>\r\n \t<li><a href=\"https:\/\/alda.com.uy\/venta\/casas\/montevideo\/\" target=\"_blank\" rel=\"noopener\">Venta de Casas en Montevideo<\/a><\/li>\r\n<\/ul>\r\n<ul>\r\n \t<li><a href=\"https:\/\/alda.com.uy\/venta\/apartamentos\/montevideo\/\" target=\"_blank\" rel=\"noopener\">Venta de Apartamentos en Montevideo<\/a><\/li>\r\n<\/ul>\r\n<ul>\r\n \t<li><a href=\"https:\/\/alda.com.uy\/venta\/apartamentos\/maldonado\/\" target=\"_blank\" rel=\"noopener\">Venta de Apartamentos en Maldonado<\/a><\/li>\r\n<\/ul>\r\n<ul>\r\n \t<li><a href=\"https:\/\/alda.com.uy\/venta\/apartamentos\/maldonado\/piriapolis\/\" target=\"_blank\" rel=\"noopener\">Venta de Apartamentos en Piriapolis<\/a><\/li>\r\n<\/ul>\r\n<ul>\r\n \t<li><a href=\"https:\/\/www.alda.com.uy\/venta\/chacras\/maldonado\/\" target=\"_blank\" rel=\"noopener\">Venta de Chacras en Maldonado<\/a><\/li>\r\n<\/ul>\r\n<ul>\r\n \t<li><a href=\"https:\/\/www.alda.com.uy\/venta\/chacras\/maldonado\/piriapolis\/\" target=\"_blank\" rel=\"noopener\">Venta de Chacras en Piriapolis<\/a><\/li>\r\n<\/ul>\r\n<ul>\r\n \t<li><a href=\"https:\/\/www.alda.com.uy\/venta\/terrenos\/maldonado\/piriapolis\/\" target=\"_blank\" rel=\"noopener\">Venta de Terrenos en Piriapolis<\/a><\/li>\r\n<\/ul>\n","protected":false},"excerpt":{"rendered":"<p>El momento en que una propiedad sale al mercado es mucho m\u00e1s determinante de lo que muchos propietarios imaginan. El [&hellip;]<\/p>\n","protected":false},"author":1,"featured_media":1496,"comment_status":"open","ping_status":"open","sticky":false,"template":"","format":"standard","meta":{"site-sidebar-layout":"default","site-content-layout":"","ast-site-content-layout":"default","site-content-style":"default","site-sidebar-style":"default","ast-global-header-display":"","ast-banner-title-visibility":"","ast-main-header-display":"","ast-hfb-above-header-display":"","ast-hfb-below-header-display":"","ast-hfb-mobile-header-display":"","site-post-title":"","ast-breadcrumbs-content":"","ast-featured-img":"","footer-sml-layout":"","theme-transparent-header-meta":"default","adv-header-id-meta":"","stick-header-meta":"","header-above-stick-meta":"","header-main-stick-meta":"","header-below-stick-meta":"","astra-migrate-meta-layouts":"set","ast-page-background-enabled":"default","ast-page-background-meta":{"desktop":{"background-color":"var(--ast-global-color-4)","background-image":"","background-repeat":"repeat","background-position":"center center","background-size":"auto","background-attachment":"scroll","background-type":"","background-media":"","overlay-type":"","overlay-color":"","overlay-opacity":"","overlay-gradient":""},"tablet":{"background-color":"","background-image":"","background-repeat":"repeat","background-position":"center center","background-size":"auto","background-attachment":"scroll","background-type":"","background-media":"","overlay-type":"","overlay-color":"","overlay-opacity":"","overlay-gradient":""},"mobile":{"background-color":"","background-image":"","background-repeat":"repeat","background-position":"center center","background-size":"auto","background-attachment":"scroll","background-type":"","background-media":"","overlay-type":"","overlay-color":"","overlay-opacity":"","overlay-gradient":""}},"ast-content-background-meta":{"desktop":{"background-color":"var(--ast-global-color-5)","background-image":"","background-repeat":"repeat","background-position":"center center","background-size":"auto","background-attachment":"scroll","background-type":"","background-media":"","overlay-type":"","overlay-color":"","overlay-opacity":"","overlay-gradient":""},"tablet":{"background-color":"var(--ast-global-color-5)","background-image":"","background-repeat":"repeat","background-position":"center center","background-size":"auto","background-attachment":"scroll","background-type":"","background-media":"","overlay-type":"","overlay-color":"","overlay-opacity":"","overlay-gradient":""},"mobile":{"background-color":"var(--ast-global-color-5)","background-image":"","background-repeat":"repeat","background-position":"center center","background-size":"auto","background-attachment":"scroll","background-type":"","background-media":"","overlay-type":"","overlay-color":"","overlay-opacity":"","overlay-gradient":""}},"footnotes":""},"categories":[5],"tags":[],"class_list":["post-1485","post","type-post","status-publish","format-standard","has-post-thumbnail","hentry","category-tips-inmobiliarios"],"yoast_head":"<!-- This site is optimized with the Yoast SEO plugin v23.0 - https:\/\/yoast.com\/wordpress\/plugins\/seo\/ -->\r\n<title>Por qu\u00e9 el primer mes de publicaci\u00f3n es clave para vender bien - Alda - Blog<\/title>\r\n<meta name=\"robots\" content=\"index, follow, max-snippet:-1, max-image-preview:large, max-video-preview:-1\" \/>\r\n<link rel=\"canonical\" href=\"https:\/\/www.alda.com.uy\/blog\/por-que-el-primer-mes-de-publicacion-es-clave-para-vender-bien\/\" \/>\r\n<meta property=\"og:locale\" content=\"es_ES\" \/>\r\n<meta property=\"og:type\" content=\"article\" \/>\r\n<meta property=\"og:title\" content=\"Por qu\u00e9 el primer mes de publicaci\u00f3n es clave para vender bien - Alda - Blog\" \/>\r\n<meta property=\"og:description\" content=\"El momento en que una propiedad sale al mercado es mucho m\u00e1s determinante de lo que muchos propietarios imaginan. El [&hellip;]\" \/>\r\n<meta property=\"og:url\" content=\"https:\/\/www.alda.com.uy\/blog\/por-que-el-primer-mes-de-publicacion-es-clave-para-vender-bien\/\" \/>\r\n<meta property=\"og:site_name\" content=\"Alda - Blog\" \/>\r\n<meta property=\"article:published_time\" content=\"2026-01-05T13:29:56+00:00\" \/>\r\n<meta property=\"og:image\" content=\"https:\/\/www.alda.com.uy\/blog\/wp-content\/uploads\/2025\/12\/Por-que-el-primer-mes-de-publicacion-es-clave-para-vender-bien.png\" \/>\r\n\t<meta property=\"og:image:width\" content=\"1200\" \/>\r\n\t<meta property=\"og:image:height\" content=\"800\" \/>\r\n\t<meta property=\"og:image:type\" content=\"image\/png\" \/>\r\n<meta name=\"author\" content=\"Alda\" \/>\r\n<meta name=\"twitter:card\" content=\"summary_large_image\" \/>\r\n<meta name=\"twitter:label1\" content=\"Escrito por\" \/>\n\t<meta name=\"twitter:data1\" content=\"Alda\" \/>\n\t<meta name=\"twitter:label2\" content=\"Tiempo de lectura\" \/>\n\t<meta name=\"twitter:data2\" content=\"4 minutos\" \/>\r\n<script type=\"application\/ld+json\" class=\"yoast-schema-graph\">{\"@context\":\"https:\/\/schema.org\",\"@graph\":[{\"@type\":\"Article\",\"@id\":\"https:\/\/www.alda.com.uy\/blog\/por-que-el-primer-mes-de-publicacion-es-clave-para-vender-bien\/#article\",\"isPartOf\":{\"@id\":\"https:\/\/www.alda.com.uy\/blog\/por-que-el-primer-mes-de-publicacion-es-clave-para-vender-bien\/\"},\"author\":{\"name\":\"Alda\",\"@id\":\"https:\/\/www.alda.com.uy\/blog\/#\/schema\/person\/4ec1cb1a9636e59e3439fd923fb08e6f\"},\"headline\":\"Por qu\u00e9 el primer mes de publicaci\u00f3n es clave para vender bien\",\"datePublished\":\"2026-01-05T13:29:56+00:00\",\"dateModified\":\"2026-01-05T13:29:56+00:00\",\"mainEntityOfPage\":{\"@id\":\"https:\/\/www.alda.com.uy\/blog\/por-que-el-primer-mes-de-publicacion-es-clave-para-vender-bien\/\"},\"wordCount\":705,\"commentCount\":0,\"publisher\":{\"@id\":\"https:\/\/www.alda.com.uy\/blog\/#organization\"},\"image\":{\"@id\":\"https:\/\/www.alda.com.uy\/blog\/por-que-el-primer-mes-de-publicacion-es-clave-para-vender-bien\/#primaryimage\"},\"thumbnailUrl\":\"https:\/\/www.alda.com.uy\/blog\/wp-content\/uploads\/2025\/12\/Por-que-el-primer-mes-de-publicacion-es-clave-para-vender-bien.png\",\"articleSection\":[\"Tips Inmobiliarios\"],\"inLanguage\":\"es\",\"potentialAction\":[{\"@type\":\"CommentAction\",\"name\":\"Comment\",\"target\":[\"https:\/\/www.alda.com.uy\/blog\/por-que-el-primer-mes-de-publicacion-es-clave-para-vender-bien\/#respond\"]}]},{\"@type\":\"WebPage\",\"@id\":\"https:\/\/www.alda.com.uy\/blog\/por-que-el-primer-mes-de-publicacion-es-clave-para-vender-bien\/\",\"url\":\"https:\/\/www.alda.com.uy\/blog\/por-que-el-primer-mes-de-publicacion-es-clave-para-vender-bien\/\",\"name\":\"Por qu\u00e9 el primer mes de publicaci\u00f3n es clave para vender bien - Alda - Blog\",\"isPartOf\":{\"@id\":\"https:\/\/www.alda.com.uy\/blog\/#website\"},\"primaryImageOfPage\":{\"@id\":\"https:\/\/www.alda.com.uy\/blog\/por-que-el-primer-mes-de-publicacion-es-clave-para-vender-bien\/#primaryimage\"},\"image\":{\"@id\":\"https:\/\/www.alda.com.uy\/blog\/por-que-el-primer-mes-de-publicacion-es-clave-para-vender-bien\/#primaryimage\"},\"thumbnailUrl\":\"https:\/\/www.alda.com.uy\/blog\/wp-content\/uploads\/2025\/12\/Por-que-el-primer-mes-de-publicacion-es-clave-para-vender-bien.png\",\"datePublished\":\"2026-01-05T13:29:56+00:00\",\"dateModified\":\"2026-01-05T13:29:56+00:00\",\"breadcrumb\":{\"@id\":\"https:\/\/www.alda.com.uy\/blog\/por-que-el-primer-mes-de-publicacion-es-clave-para-vender-bien\/#breadcrumb\"},\"inLanguage\":\"es\",\"potentialAction\":[{\"@type\":\"ReadAction\",\"target\":[\"https:\/\/www.alda.com.uy\/blog\/por-que-el-primer-mes-de-publicacion-es-clave-para-vender-bien\/\"]}]},{\"@type\":\"ImageObject\",\"inLanguage\":\"es\",\"@id\":\"https:\/\/www.alda.com.uy\/blog\/por-que-el-primer-mes-de-publicacion-es-clave-para-vender-bien\/#primaryimage\",\"url\":\"https:\/\/www.alda.com.uy\/blog\/wp-content\/uploads\/2025\/12\/Por-que-el-primer-mes-de-publicacion-es-clave-para-vender-bien.png\",\"contentUrl\":\"https:\/\/www.alda.com.uy\/blog\/wp-content\/uploads\/2025\/12\/Por-que-el-primer-mes-de-publicacion-es-clave-para-vender-bien.png\",\"width\":1200,\"height\":800},{\"@type\":\"BreadcrumbList\",\"@id\":\"https:\/\/www.alda.com.uy\/blog\/por-que-el-primer-mes-de-publicacion-es-clave-para-vender-bien\/#breadcrumb\",\"itemListElement\":[{\"@type\":\"ListItem\",\"position\":1,\"name\":\"Portada\",\"item\":\"https:\/\/www.alda.com.uy\/blog\/\"},{\"@type\":\"ListItem\",\"position\":2,\"name\":\"Por qu\u00e9 el primer mes de publicaci\u00f3n es clave para vender bien\"}]},{\"@type\":\"WebSite\",\"@id\":\"https:\/\/www.alda.com.uy\/blog\/#website\",\"url\":\"https:\/\/www.alda.com.uy\/blog\/\",\"name\":\"Alda - Blog\",\"description\":\"Tendencias y consejos sobre el mercado inmobiliario en Uruguay\",\"publisher\":{\"@id\":\"https:\/\/www.alda.com.uy\/blog\/#organization\"},\"potentialAction\":[{\"@type\":\"SearchAction\",\"target\":{\"@type\":\"EntryPoint\",\"urlTemplate\":\"https:\/\/www.alda.com.uy\/blog\/?s={search_term_string}\"},\"query-input\":\"required name=search_term_string\"}],\"inLanguage\":\"es\"},{\"@type\":\"Organization\",\"@id\":\"https:\/\/www.alda.com.uy\/blog\/#organization\",\"name\":\"Alda - Blog\",\"url\":\"https:\/\/www.alda.com.uy\/blog\/\",\"logo\":{\"@type\":\"ImageObject\",\"inLanguage\":\"es\",\"@id\":\"https:\/\/www.alda.com.uy\/blog\/#\/schema\/logo\/image\/\",\"url\":\"https:\/\/www.alda.com.uy\/blog\/wp-content\/uploads\/2024\/06\/LogoHeader.png\",\"contentUrl\":\"https:\/\/www.alda.com.uy\/blog\/wp-content\/uploads\/2024\/06\/LogoHeader.png\",\"width\":239,\"height\":66,\"caption\":\"Alda - Blog\"},\"image\":{\"@id\":\"https:\/\/www.alda.com.uy\/blog\/#\/schema\/logo\/image\/\"}},{\"@type\":\"Person\",\"@id\":\"https:\/\/www.alda.com.uy\/blog\/#\/schema\/person\/4ec1cb1a9636e59e3439fd923fb08e6f\",\"name\":\"Alda\",\"image\":{\"@type\":\"ImageObject\",\"inLanguage\":\"es\",\"@id\":\"https:\/\/www.alda.com.uy\/blog\/#\/schema\/person\/image\/\",\"url\":\"https:\/\/secure.gravatar.com\/avatar\/aabaa1d81ba8bc53b3528985ffd731ff0d97d45e984ee3c0f03251c64a15a1ad?s=96&d=mm&r=g\",\"contentUrl\":\"https:\/\/secure.gravatar.com\/avatar\/aabaa1d81ba8bc53b3528985ffd731ff0d97d45e984ee3c0f03251c64a15a1ad?s=96&d=mm&r=g\",\"caption\":\"Alda\"},\"sameAs\":[\"https:\/\/www.alda.com.uy\/blog\"],\"url\":\"https:\/\/www.alda.com.uy\/blog\/author\/juan\/\"}]}<\/script>\r\n<!-- \/ Yoast SEO plugin. -->","yoast_head_json":{"title":"Por qu\u00e9 el primer mes de publicaci\u00f3n es clave para vender bien - Alda - Blog","robots":{"index":"index","follow":"follow","max-snippet":"max-snippet:-1","max-image-preview":"max-image-preview:large","max-video-preview":"max-video-preview:-1"},"canonical":"https:\/\/www.alda.com.uy\/blog\/por-que-el-primer-mes-de-publicacion-es-clave-para-vender-bien\/","og_locale":"es_ES","og_type":"article","og_title":"Por qu\u00e9 el primer mes de publicaci\u00f3n es clave para vender bien - Alda - Blog","og_description":"El momento en que una propiedad sale al mercado es mucho m\u00e1s determinante de lo que muchos propietarios imaginan. El [&hellip;]","og_url":"https:\/\/www.alda.com.uy\/blog\/por-que-el-primer-mes-de-publicacion-es-clave-para-vender-bien\/","og_site_name":"Alda - Blog","article_published_time":"2026-01-05T13:29:56+00:00","og_image":[{"width":1200,"height":800,"url":"https:\/\/www.alda.com.uy\/blog\/wp-content\/uploads\/2025\/12\/Por-que-el-primer-mes-de-publicacion-es-clave-para-vender-bien.png","type":"image\/png"}],"author":"Alda","twitter_card":"summary_large_image","twitter_misc":{"Escrito por":"Alda","Tiempo de lectura":"4 minutos"},"schema":{"@context":"https:\/\/schema.org","@graph":[{"@type":"Article","@id":"https:\/\/www.alda.com.uy\/blog\/por-que-el-primer-mes-de-publicacion-es-clave-para-vender-bien\/#article","isPartOf":{"@id":"https:\/\/www.alda.com.uy\/blog\/por-que-el-primer-mes-de-publicacion-es-clave-para-vender-bien\/"},"author":{"name":"Alda","@id":"https:\/\/www.alda.com.uy\/blog\/#\/schema\/person\/4ec1cb1a9636e59e3439fd923fb08e6f"},"headline":"Por qu\u00e9 el primer mes de publicaci\u00f3n es clave para vender bien","datePublished":"2026-01-05T13:29:56+00:00","dateModified":"2026-01-05T13:29:56+00:00","mainEntityOfPage":{"@id":"https:\/\/www.alda.com.uy\/blog\/por-que-el-primer-mes-de-publicacion-es-clave-para-vender-bien\/"},"wordCount":705,"commentCount":0,"publisher":{"@id":"https:\/\/www.alda.com.uy\/blog\/#organization"},"image":{"@id":"https:\/\/www.alda.com.uy\/blog\/por-que-el-primer-mes-de-publicacion-es-clave-para-vender-bien\/#primaryimage"},"thumbnailUrl":"https:\/\/www.alda.com.uy\/blog\/wp-content\/uploads\/2025\/12\/Por-que-el-primer-mes-de-publicacion-es-clave-para-vender-bien.png","articleSection":["Tips Inmobiliarios"],"inLanguage":"es","potentialAction":[{"@type":"CommentAction","name":"Comment","target":["https:\/\/www.alda.com.uy\/blog\/por-que-el-primer-mes-de-publicacion-es-clave-para-vender-bien\/#respond"]}]},{"@type":"WebPage","@id":"https:\/\/www.alda.com.uy\/blog\/por-que-el-primer-mes-de-publicacion-es-clave-para-vender-bien\/","url":"https:\/\/www.alda.com.uy\/blog\/por-que-el-primer-mes-de-publicacion-es-clave-para-vender-bien\/","name":"Por qu\u00e9 el primer mes de publicaci\u00f3n es clave para vender bien - Alda - Blog","isPartOf":{"@id":"https:\/\/www.alda.com.uy\/blog\/#website"},"primaryImageOfPage":{"@id":"https:\/\/www.alda.com.uy\/blog\/por-que-el-primer-mes-de-publicacion-es-clave-para-vender-bien\/#primaryimage"},"image":{"@id":"https:\/\/www.alda.com.uy\/blog\/por-que-el-primer-mes-de-publicacion-es-clave-para-vender-bien\/#primaryimage"},"thumbnailUrl":"https:\/\/www.alda.com.uy\/blog\/wp-content\/uploads\/2025\/12\/Por-que-el-primer-mes-de-publicacion-es-clave-para-vender-bien.png","datePublished":"2026-01-05T13:29:56+00:00","dateModified":"2026-01-05T13:29:56+00:00","breadcrumb":{"@id":"https:\/\/www.alda.com.uy\/blog\/por-que-el-primer-mes-de-publicacion-es-clave-para-vender-bien\/#breadcrumb"},"inLanguage":"es","potentialAction":[{"@type":"ReadAction","target":["https:\/\/www.alda.com.uy\/blog\/por-que-el-primer-mes-de-publicacion-es-clave-para-vender-bien\/"]}]},{"@type":"ImageObject","inLanguage":"es","@id":"https:\/\/www.alda.com.uy\/blog\/por-que-el-primer-mes-de-publicacion-es-clave-para-vender-bien\/#primaryimage","url":"https:\/\/www.alda.com.uy\/blog\/wp-content\/uploads\/2025\/12\/Por-que-el-primer-mes-de-publicacion-es-clave-para-vender-bien.png","contentUrl":"https:\/\/www.alda.com.uy\/blog\/wp-content\/uploads\/2025\/12\/Por-que-el-primer-mes-de-publicacion-es-clave-para-vender-bien.png","width":1200,"height":800},{"@type":"BreadcrumbList","@id":"https:\/\/www.alda.com.uy\/blog\/por-que-el-primer-mes-de-publicacion-es-clave-para-vender-bien\/#breadcrumb","itemListElement":[{"@type":"ListItem","position":1,"name":"Portada","item":"https:\/\/www.alda.com.uy\/blog\/"},{"@type":"ListItem","position":2,"name":"Por qu\u00e9 el primer mes de publicaci\u00f3n es clave para vender bien"}]},{"@type":"WebSite","@id":"https:\/\/www.alda.com.uy\/blog\/#website","url":"https:\/\/www.alda.com.uy\/blog\/","name":"Alda - Blog","description":"Tendencias y consejos sobre el mercado inmobiliario en Uruguay","publisher":{"@id":"https:\/\/www.alda.com.uy\/blog\/#organization"},"potentialAction":[{"@type":"SearchAction","target":{"@type":"EntryPoint","urlTemplate":"https:\/\/www.alda.com.uy\/blog\/?s={search_term_string}"},"query-input":"required name=search_term_string"}],"inLanguage":"es"},{"@type":"Organization","@id":"https:\/\/www.alda.com.uy\/blog\/#organization","name":"Alda - Blog","url":"https:\/\/www.alda.com.uy\/blog\/","logo":{"@type":"ImageObject","inLanguage":"es","@id":"https:\/\/www.alda.com.uy\/blog\/#\/schema\/logo\/image\/","url":"https:\/\/www.alda.com.uy\/blog\/wp-content\/uploads\/2024\/06\/LogoHeader.png","contentUrl":"https:\/\/www.alda.com.uy\/blog\/wp-content\/uploads\/2024\/06\/LogoHeader.png","width":239,"height":66,"caption":"Alda - Blog"},"image":{"@id":"https:\/\/www.alda.com.uy\/blog\/#\/schema\/logo\/image\/"}},{"@type":"Person","@id":"https:\/\/www.alda.com.uy\/blog\/#\/schema\/person\/4ec1cb1a9636e59e3439fd923fb08e6f","name":"Alda","image":{"@type":"ImageObject","inLanguage":"es","@id":"https:\/\/www.alda.com.uy\/blog\/#\/schema\/person\/image\/","url":"https:\/\/secure.gravatar.com\/avatar\/aabaa1d81ba8bc53b3528985ffd731ff0d97d45e984ee3c0f03251c64a15a1ad?s=96&d=mm&r=g","contentUrl":"https:\/\/secure.gravatar.com\/avatar\/aabaa1d81ba8bc53b3528985ffd731ff0d97d45e984ee3c0f03251c64a15a1ad?s=96&d=mm&r=g","caption":"Alda"},"sameAs":["https:\/\/www.alda.com.uy\/blog"],"url":"https:\/\/www.alda.com.uy\/blog\/author\/juan\/"}]}},"_links":{"self":[{"href":"https:\/\/www.alda.com.uy\/blog\/wp-json\/wp\/v2\/posts\/1485","targetHints":{"allow":["GET"]}}],"collection":[{"href":"https:\/\/www.alda.com.uy\/blog\/wp-json\/wp\/v2\/posts"}],"about":[{"href":"https:\/\/www.alda.com.uy\/blog\/wp-json\/wp\/v2\/types\/post"}],"author":[{"embeddable":true,"href":"https:\/\/www.alda.com.uy\/blog\/wp-json\/wp\/v2\/users\/1"}],"replies":[{"embeddable":true,"href":"https:\/\/www.alda.com.uy\/blog\/wp-json\/wp\/v2\/comments?post=1485"}],"version-history":[{"count":3,"href":"https:\/\/www.alda.com.uy\/blog\/wp-json\/wp\/v2\/posts\/1485\/revisions"}],"predecessor-version":[{"id":1504,"href":"https:\/\/www.alda.com.uy\/blog\/wp-json\/wp\/v2\/posts\/1485\/revisions\/1504"}],"wp:featuredmedia":[{"embeddable":true,"href":"https:\/\/www.alda.com.uy\/blog\/wp-json\/wp\/v2\/media\/1496"}],"wp:attachment":[{"href":"https:\/\/www.alda.com.uy\/blog\/wp-json\/wp\/v2\/media?parent=1485"}],"wp:term":[{"taxonomy":"category","embeddable":true,"href":"https:\/\/www.alda.com.uy\/blog\/wp-json\/wp\/v2\/categories?post=1485"},{"taxonomy":"post_tag","embeddable":true,"href":"https:\/\/www.alda.com.uy\/blog\/wp-json\/wp\/v2\/tags?post=1485"}],"curies":[{"name":"wp","href":"https:\/\/api.w.org\/{rel}","templated":true}]}}