{"id":1466,"date":"2026-01-05T14:35:36","date_gmt":"2026-01-05T13:35:36","guid":{"rendered":"https:\/\/www.alda.com.uy\/blog\/?p=1466"},"modified":"2026-01-05T14:35:36","modified_gmt":"2026-01-05T13:35:36","slug":"como-preparar-una-propiedad-para-alquilarla-por-primera-vez","status":"publish","type":"post","link":"https:\/\/www.alda.com.uy\/blog\/como-preparar-una-propiedad-para-alquilarla-por-primera-vez\/","title":{"rendered":"C\u00f3mo preparar una propiedad para alquilarla por primera vez"},"content":{"rendered":"<p><img loading=\"lazy\" decoding=\"async\" class=\"alignnone size-full wp-image-1474\" src=\"https:\/\/www.alda.com.uy\/blog\/wp-content\/uploads\/2025\/12\/Como-preparar-una-propiedad-para-alquilarla-por-primera-vez.png\" alt=\"\" width=\"1200\" height=\"800\" \/><\/p>\n<p>Alquilar una propiedad por primera vez puede parecer un proceso sencillo, pero una preparaci\u00f3n adecuada marca una diferencia clave en la rapidez con la que se consigue inquilino, en el nivel de renta obtenido y en la calidad de la relaci\u00f3n contractual a largo plazo. Una vivienda mal preparada no solo tarda m\u00e1s en alquilarse, sino que tambi\u00e9n suele atraer perfiles menos adecuados y generar mayores problemas durante el contrato.<\/p>\n<p>Antes de publicar el aviso, conviene analizar la propiedad desde la mirada del futuro inquilino y anticiparse a los aspectos que influyen en su decisi\u00f3n.<\/p>\n<h2>Definir el perfil de inquilino objetivo<\/h2>\n<p>El primer paso es tener claro a qui\u00e9n est\u00e1 dirigida la propiedad. No es lo mismo preparar una vivienda para una familia, para estudiantes, para una persona sola o para alquiler corporativo.<\/p>\n<p>El perfil del inquilino define decisiones clave como el nivel de equipamiento, el tipo de mejoras a realizar y el precio esperado. Una propiedad bien alineada con su p\u00fablico objetivo se alquila m\u00e1s r\u00e1pido y con menos negociaci\u00f3n.<\/p>\n<p>Intentar abarcar todos los perfiles al mismo tiempo suele llevar a resultados poco claros y menor atractivo.<\/p>\n<h2>Puesta a punto general de la vivienda<\/h2>\n<p>Antes de pensar en detalles est\u00e9ticos, es fundamental asegurarse de que la propiedad funcione correctamente. Instalaciones el\u00e9ctricas, sanitarias y de gas deben estar en buen estado y sin fallas visibles.<\/p>\n<p>Peque\u00f1os problemas que el propietario tolera pueden ser determinantes para un inquilino. Canillas que gotean, enchufes sueltos o persianas trabadas generan una mala primera impresi\u00f3n y anticipan futuros conflictos.<\/p>\n<p>Una revisi\u00f3n preventiva reduce reclamos y gastos posteriores.<\/p>\n<h2>Limpieza profunda y sensaci\u00f3n de orden<\/h2>\n<p>La limpieza es uno de los factores m\u00e1s subestimados y, al mismo tiempo, uno de los m\u00e1s influyentes. Una propiedad limpia transmite cuidado, confianza y profesionalismo.<\/p>\n<p>No se trata solo de una limpieza superficial, sino de una puesta a punto completa: cocina, ba\u00f1o, placares, vidrios y pisos. El olor, la iluminaci\u00f3n y la sensaci\u00f3n de aire fresco tambi\u00e9n influyen en la percepci\u00f3n general.<\/p>\n<p>Un espacio limpio y ordenado permite que el inquilino se imagine viviendo all\u00ed.<\/p>\n<h2>Neutralidad est\u00e9tica y mantenimiento b\u00e1sico<\/h2>\n<p>Para alquilar por primera vez, conviene optar por una est\u00e9tica neutra. Colores claros, paredes en buen estado y terminaciones simples ampl\u00edan el universo de interesados.<\/p>\n<p>Reparar peque\u00f1os detalles como z\u00f3calos, marcos de puertas o pintura descascarada suele tener un impacto positivo mayor que reformas costosas.<\/p>\n<p>La neutralidad reduce objeciones y facilita la ocupaci\u00f3n.<\/p>\n<h2>Equipamiento: qu\u00e9 sumar y qu\u00e9 evitar<\/h2>\n<p>El nivel de equipamiento debe ser coherente con el tipo de alquiler. En alquileres tradicionales, menos suele ser m\u00e1s: una vivienda funcional y sin exceso de mobiliario reduce riesgos y responsabilidades.<\/p>\n<p>En cambio, si se apunta a un alquiler amueblado o temporario, el equipamiento debe ser pr\u00e1ctico, resistente y f\u00e1cil de reponer. No se recomienda incluir objetos de valor sentimental o dif\u00edcil mantenimiento.<\/p>\n<p>Todo lo que se deja en la propiedad debe tener un prop\u00f3sito claro.<\/p>\n<h2>Documentaci\u00f3n y aspectos legales b\u00e1sicos<\/h2>\n<p>Antes de alquilar, es importante tener en regla la documentaci\u00f3n de la propiedad. Esto incluye t\u00edtulos claros, gastos al d\u00eda y conocimiento b\u00e1sico de las obligaciones del propietario.<\/p>\n<p>Definir de antemano el tipo de garant\u00eda aceptada, el plazo del contrato y las condiciones de ajuste evita improvisaciones y malos entendidos.<\/p>\n<p>Un alquiler bien planteado desde lo legal reduce conflictos futuros.<\/p>\n<h2>Definici\u00f3n correcta del precio de alquiler<\/h2>\n<p>Uno de los errores m\u00e1s frecuentes es fijar el precio sin analizar el mercado. Un valor por encima de la media puede generar vacancia prolongada, mientras que uno demasiado bajo afecta la rentabilidad y la percepci\u00f3n de la propiedad.<\/p>\n<p>Comparar con unidades similares en la zona, evaluar estado, amenities y demanda real es clave para definir un precio competitivo.<\/p>\n<p>El objetivo es alquilar bien y r\u00e1pido, no probar suerte.<\/p>\n<h2>Presentaci\u00f3n y publicaci\u00f3n del aviso<\/h2>\n<p>La forma en que se presenta la propiedad influye directamente en la cantidad y calidad de consultas. Fotos claras, bien iluminadas y realistas generan m\u00e1s inter\u00e9s que descripciones extensas.<\/p>\n<p>El texto del aviso debe ser preciso, honesto y enfocado en los atributos relevantes para el inquilino. Exagerar o esconder defectos suele jugar en contra.<\/p>\n<p>Una buena presentaci\u00f3n reduce visitas improductivas.<\/p>\n<h2>Primera experiencia como propietario<\/h2>\n<p>Alquilar una propiedad por primera vez tambi\u00e9n implica un aprendizaje para el propietario. Establecer l\u00edmites claros, mantener una comunicaci\u00f3n profesional y documentar acuerdos desde el inicio ayuda a construir una relaci\u00f3n m\u00e1s saludable.<\/p>\n<p>Una propiedad bien preparada no solo se alquila m\u00e1s r\u00e1pido, sino que tambi\u00e9n tiende a conservarse mejor en el tiempo.<\/p>\n<p>Como cierre, algunos puntos clave a tener en cuenta son:<\/p>\n<ul>\n<li>Definir claramente el perfil de inquilino buscado<\/li>\n<li>Asegurar el buen funcionamiento y la limpieza de la vivienda<\/li>\n<li>Fijar un precio alineado al mercado real<\/li>\n<\/ul>\n<p>En definitiva, preparar una propiedad para alquilarla por primera vez no requiere grandes inversiones, sino planificaci\u00f3n, criterio y mirada estrat\u00e9gica. Una buena preparaci\u00f3n inicial suele traducirse en menos problemas y mejores resultados a largo plazo.<\/p>\nTambi\u00e9n te recomendamos visitar:\r\n<ul>\r\n \t<li><a href=\"https:\/\/alda.com.uy\/\" target=\"_blank\" rel=\"noopener\">Inmobiliaria en Montevideo y Piriapolis<\/a><\/li>\r\n<\/ul>\r\n<ul>\r\n \t<li><a href=\"https:\/\/alda.com.uy\/venta\/casas\/maldonado\/\" target=\"_blank\" rel=\"noopener\">Venta de Casas en Maldonado<\/a><\/li>\r\n<\/ul>\r\n<ul>\r\n \t<li><a href=\"https:\/\/alda.com.uy\/venta\/casas\/maldonado\/piriapolis\/\" target=\"_blank\" rel=\"noopener\">Venta de Casas en Piriapolis<\/a><\/li>\r\n<\/ul>\r\n<ul>\r\n \t<li><a href=\"https:\/\/alda.com.uy\/venta\/casas\/montevideo\/\" target=\"_blank\" rel=\"noopener\">Venta de Casas en Montevideo<\/a><\/li>\r\n<\/ul>\r\n<ul>\r\n \t<li><a href=\"https:\/\/alda.com.uy\/venta\/apartamentos\/montevideo\/\" target=\"_blank\" rel=\"noopener\">Venta de Apartamentos en Montevideo<\/a><\/li>\r\n<\/ul>\r\n<ul>\r\n \t<li><a href=\"https:\/\/alda.com.uy\/venta\/apartamentos\/maldonado\/\" target=\"_blank\" rel=\"noopener\">Venta de Apartamentos en Maldonado<\/a><\/li>\r\n<\/ul>\r\n<ul>\r\n \t<li><a href=\"https:\/\/alda.com.uy\/venta\/apartamentos\/maldonado\/piriapolis\/\" target=\"_blank\" rel=\"noopener\">Venta de Apartamentos en Piriapolis<\/a><\/li>\r\n<\/ul>\r\n<ul>\r\n \t<li><a href=\"https:\/\/www.alda.com.uy\/venta\/chacras\/maldonado\/\" target=\"_blank\" rel=\"noopener\">Venta de Chacras en Maldonado<\/a><\/li>\r\n<\/ul>\r\n<ul>\r\n \t<li><a href=\"https:\/\/www.alda.com.uy\/venta\/chacras\/maldonado\/piriapolis\/\" target=\"_blank\" rel=\"noopener\">Venta de Chacras en Piriapolis<\/a><\/li>\r\n<\/ul>\r\n<ul>\r\n \t<li><a href=\"https:\/\/www.alda.com.uy\/venta\/terrenos\/maldonado\/piriapolis\/\" target=\"_blank\" rel=\"noopener\">Venta de Terrenos en Piriapolis<\/a><\/li>\r\n<\/ul>\n","protected":false},"excerpt":{"rendered":"<p>Alquilar una propiedad por primera vez puede parecer un proceso sencillo, pero una preparaci\u00f3n adecuada marca una diferencia clave en [&hellip;]<\/p>\n","protected":false},"author":1,"featured_media":1474,"comment_status":"open","ping_status":"open","sticky":false,"template":"","format":"standard","meta":{"site-sidebar-layout":"default","site-content-layout":"","ast-site-content-layout":"default","site-content-style":"default","site-sidebar-style":"default","ast-global-header-display":"","ast-banner-title-visibility":"","ast-main-header-display":"","ast-hfb-above-header-display":"","ast-hfb-below-header-display":"","ast-hfb-mobile-header-display":"","site-post-title":"","ast-breadcrumbs-content":"","ast-featured-img":"","footer-sml-layout":"","theme-transparent-header-meta":"default","adv-header-id-meta":"","stick-header-meta":"","header-above-stick-meta":"","header-main-stick-meta":"","header-below-stick-meta":"","astra-migrate-meta-layouts":"set","ast-page-background-enabled":"default","ast-page-background-meta":{"desktop":{"background-color":"var(--ast-global-color-4)","background-image":"","background-repeat":"repeat","background-position":"center center","background-size":"auto","background-attachment":"scroll","background-type":"","background-media":"","overlay-type":"","overlay-color":"","overlay-opacity":"","overlay-gradient":""},"tablet":{"background-color":"","background-image":"","background-repeat":"repeat","background-position":"center center","background-size":"auto","background-attachment":"scroll","background-type":"","background-media":"","overlay-type":"","overlay-color":"","overlay-opacity":"","overlay-gradient":""},"mobile":{"background-color":"","background-image":"","background-repeat":"repeat","background-position":"center center","background-size":"auto","background-attachment":"scroll","background-type":"","background-media":"","overlay-type":"","overlay-color":"","overlay-opacity":"","overlay-gradient":""}},"ast-content-background-meta":{"desktop":{"background-color":"var(--ast-global-color-5)","background-image":"","background-repeat":"repeat","background-position":"center center","background-size":"auto","background-attachment":"scroll","background-type":"","background-media":"","overlay-type":"","overlay-color":"","overlay-opacity":"","overlay-gradient":""},"tablet":{"background-color":"var(--ast-global-color-5)","background-image":"","background-repeat":"repeat","background-position":"center center","background-size":"auto","background-attachment":"scroll","background-type":"","background-media":"","overlay-type":"","overlay-color":"","overlay-opacity":"","overlay-gradient":""},"mobile":{"background-color":"var(--ast-global-color-5)","background-image":"","background-repeat":"repeat","background-position":"center center","background-size":"auto","background-attachment":"scroll","background-type":"","background-media":"","overlay-type":"","overlay-color":"","overlay-opacity":"","overlay-gradient":""}},"footnotes":""},"categories":[5],"tags":[],"class_list":["post-1466","post","type-post","status-publish","format-standard","has-post-thumbnail","hentry","category-tips-inmobiliarios"],"yoast_head":"<!-- This site is optimized with the Yoast SEO plugin v23.0 - https:\/\/yoast.com\/wordpress\/plugins\/seo\/ -->\r\n<title>C\u00f3mo preparar una propiedad para alquilarla por primera vez - Alda - Blog<\/title>\r\n<meta name=\"robots\" content=\"index, follow, max-snippet:-1, max-image-preview:large, max-video-preview:-1\" \/>\r\n<link rel=\"canonical\" href=\"https:\/\/www.alda.com.uy\/blog\/como-preparar-una-propiedad-para-alquilarla-por-primera-vez\/\" \/>\r\n<meta property=\"og:locale\" content=\"es_ES\" \/>\r\n<meta property=\"og:type\" content=\"article\" \/>\r\n<meta property=\"og:title\" content=\"C\u00f3mo preparar una propiedad para alquilarla por primera vez - Alda - Blog\" \/>\r\n<meta property=\"og:description\" content=\"Alquilar una propiedad por primera vez puede parecer un proceso sencillo, pero una preparaci\u00f3n adecuada marca una diferencia clave en [&hellip;]\" \/>\r\n<meta property=\"og:url\" content=\"https:\/\/www.alda.com.uy\/blog\/como-preparar-una-propiedad-para-alquilarla-por-primera-vez\/\" \/>\r\n<meta property=\"og:site_name\" content=\"Alda - Blog\" \/>\r\n<meta property=\"article:published_time\" content=\"2026-01-05T13:35:36+00:00\" \/>\r\n<meta property=\"og:image\" content=\"https:\/\/www.alda.com.uy\/blog\/wp-content\/uploads\/2025\/12\/Como-preparar-una-propiedad-para-alquilarla-por-primera-vez.png\" \/>\r\n\t<meta property=\"og:image:width\" content=\"1200\" \/>\r\n\t<meta property=\"og:image:height\" content=\"800\" \/>\r\n\t<meta property=\"og:image:type\" content=\"image\/png\" \/>\r\n<meta name=\"author\" content=\"Alda\" \/>\r\n<meta name=\"twitter:card\" content=\"summary_large_image\" \/>\r\n<meta name=\"twitter:label1\" content=\"Escrito por\" \/>\n\t<meta name=\"twitter:data1\" content=\"Alda\" \/>\n\t<meta name=\"twitter:label2\" content=\"Tiempo de lectura\" \/>\n\t<meta name=\"twitter:data2\" content=\"5 minutos\" \/>\r\n<script type=\"application\/ld+json\" class=\"yoast-schema-graph\">{\"@context\":\"https:\/\/schema.org\",\"@graph\":[{\"@type\":\"Article\",\"@id\":\"https:\/\/www.alda.com.uy\/blog\/como-preparar-una-propiedad-para-alquilarla-por-primera-vez\/#article\",\"isPartOf\":{\"@id\":\"https:\/\/www.alda.com.uy\/blog\/como-preparar-una-propiedad-para-alquilarla-por-primera-vez\/\"},\"author\":{\"name\":\"Alda\",\"@id\":\"https:\/\/www.alda.com.uy\/blog\/#\/schema\/person\/4ec1cb1a9636e59e3439fd923fb08e6f\"},\"headline\":\"C\u00f3mo preparar una propiedad para alquilarla por primera vez\",\"datePublished\":\"2026-01-05T13:35:36+00:00\",\"dateModified\":\"2026-01-05T13:35:36+00:00\",\"mainEntityOfPage\":{\"@id\":\"https:\/\/www.alda.com.uy\/blog\/como-preparar-una-propiedad-para-alquilarla-por-primera-vez\/\"},\"wordCount\":891,\"commentCount\":0,\"publisher\":{\"@id\":\"https:\/\/www.alda.com.uy\/blog\/#organization\"},\"image\":{\"@id\":\"https:\/\/www.alda.com.uy\/blog\/como-preparar-una-propiedad-para-alquilarla-por-primera-vez\/#primaryimage\"},\"thumbnailUrl\":\"https:\/\/www.alda.com.uy\/blog\/wp-content\/uploads\/2025\/12\/Como-preparar-una-propiedad-para-alquilarla-por-primera-vez.png\",\"articleSection\":[\"Tips Inmobiliarios\"],\"inLanguage\":\"es\",\"potentialAction\":[{\"@type\":\"CommentAction\",\"name\":\"Comment\",\"target\":[\"https:\/\/www.alda.com.uy\/blog\/como-preparar-una-propiedad-para-alquilarla-por-primera-vez\/#respond\"]}]},{\"@type\":\"WebPage\",\"@id\":\"https:\/\/www.alda.com.uy\/blog\/como-preparar-una-propiedad-para-alquilarla-por-primera-vez\/\",\"url\":\"https:\/\/www.alda.com.uy\/blog\/como-preparar-una-propiedad-para-alquilarla-por-primera-vez\/\",\"name\":\"C\u00f3mo preparar una propiedad para alquilarla por primera vez - Alda - Blog\",\"isPartOf\":{\"@id\":\"https:\/\/www.alda.com.uy\/blog\/#website\"},\"primaryImageOfPage\":{\"@id\":\"https:\/\/www.alda.com.uy\/blog\/como-preparar-una-propiedad-para-alquilarla-por-primera-vez\/#primaryimage\"},\"image\":{\"@id\":\"https:\/\/www.alda.com.uy\/blog\/como-preparar-una-propiedad-para-alquilarla-por-primera-vez\/#primaryimage\"},\"thumbnailUrl\":\"https:\/\/www.alda.com.uy\/blog\/wp-content\/uploads\/2025\/12\/Como-preparar-una-propiedad-para-alquilarla-por-primera-vez.png\",\"datePublished\":\"2026-01-05T13:35:36+00:00\",\"dateModified\":\"2026-01-05T13:35:36+00:00\",\"breadcrumb\":{\"@id\":\"https:\/\/www.alda.com.uy\/blog\/como-preparar-una-propiedad-para-alquilarla-por-primera-vez\/#breadcrumb\"},\"inLanguage\":\"es\",\"potentialAction\":[{\"@type\":\"ReadAction\",\"target\":[\"https:\/\/www.alda.com.uy\/blog\/como-preparar-una-propiedad-para-alquilarla-por-primera-vez\/\"]}]},{\"@type\":\"ImageObject\",\"inLanguage\":\"es\",\"@id\":\"https:\/\/www.alda.com.uy\/blog\/como-preparar-una-propiedad-para-alquilarla-por-primera-vez\/#primaryimage\",\"url\":\"https:\/\/www.alda.com.uy\/blog\/wp-content\/uploads\/2025\/12\/Como-preparar-una-propiedad-para-alquilarla-por-primera-vez.png\",\"contentUrl\":\"https:\/\/www.alda.com.uy\/blog\/wp-content\/uploads\/2025\/12\/Como-preparar-una-propiedad-para-alquilarla-por-primera-vez.png\",\"width\":1200,\"height\":800},{\"@type\":\"BreadcrumbList\",\"@id\":\"https:\/\/www.alda.com.uy\/blog\/como-preparar-una-propiedad-para-alquilarla-por-primera-vez\/#breadcrumb\",\"itemListElement\":[{\"@type\":\"ListItem\",\"position\":1,\"name\":\"Portada\",\"item\":\"https:\/\/www.alda.com.uy\/blog\/\"},{\"@type\":\"ListItem\",\"position\":2,\"name\":\"C\u00f3mo preparar una propiedad para alquilarla por primera vez\"}]},{\"@type\":\"WebSite\",\"@id\":\"https:\/\/www.alda.com.uy\/blog\/#website\",\"url\":\"https:\/\/www.alda.com.uy\/blog\/\",\"name\":\"Alda - Blog\",\"description\":\"Tendencias y consejos sobre el mercado inmobiliario en Uruguay\",\"publisher\":{\"@id\":\"https:\/\/www.alda.com.uy\/blog\/#organization\"},\"potentialAction\":[{\"@type\":\"SearchAction\",\"target\":{\"@type\":\"EntryPoint\",\"urlTemplate\":\"https:\/\/www.alda.com.uy\/blog\/?s={search_term_string}\"},\"query-input\":\"required name=search_term_string\"}],\"inLanguage\":\"es\"},{\"@type\":\"Organization\",\"@id\":\"https:\/\/www.alda.com.uy\/blog\/#organization\",\"name\":\"Alda - Blog\",\"url\":\"https:\/\/www.alda.com.uy\/blog\/\",\"logo\":{\"@type\":\"ImageObject\",\"inLanguage\":\"es\",\"@id\":\"https:\/\/www.alda.com.uy\/blog\/#\/schema\/logo\/image\/\",\"url\":\"https:\/\/www.alda.com.uy\/blog\/wp-content\/uploads\/2024\/06\/LogoHeader.png\",\"contentUrl\":\"https:\/\/www.alda.com.uy\/blog\/wp-content\/uploads\/2024\/06\/LogoHeader.png\",\"width\":239,\"height\":66,\"caption\":\"Alda - Blog\"},\"image\":{\"@id\":\"https:\/\/www.alda.com.uy\/blog\/#\/schema\/logo\/image\/\"}},{\"@type\":\"Person\",\"@id\":\"https:\/\/www.alda.com.uy\/blog\/#\/schema\/person\/4ec1cb1a9636e59e3439fd923fb08e6f\",\"name\":\"Alda\",\"image\":{\"@type\":\"ImageObject\",\"inLanguage\":\"es\",\"@id\":\"https:\/\/www.alda.com.uy\/blog\/#\/schema\/person\/image\/\",\"url\":\"https:\/\/secure.gravatar.com\/avatar\/aabaa1d81ba8bc53b3528985ffd731ff0d97d45e984ee3c0f03251c64a15a1ad?s=96&d=mm&r=g\",\"contentUrl\":\"https:\/\/secure.gravatar.com\/avatar\/aabaa1d81ba8bc53b3528985ffd731ff0d97d45e984ee3c0f03251c64a15a1ad?s=96&d=mm&r=g\",\"caption\":\"Alda\"},\"sameAs\":[\"https:\/\/www.alda.com.uy\/blog\"],\"url\":\"https:\/\/www.alda.com.uy\/blog\/author\/juan\/\"}]}<\/script>\r\n<!-- \/ Yoast SEO plugin. -->","yoast_head_json":{"title":"C\u00f3mo preparar una propiedad para alquilarla por primera vez - Alda - Blog","robots":{"index":"index","follow":"follow","max-snippet":"max-snippet:-1","max-image-preview":"max-image-preview:large","max-video-preview":"max-video-preview:-1"},"canonical":"https:\/\/www.alda.com.uy\/blog\/como-preparar-una-propiedad-para-alquilarla-por-primera-vez\/","og_locale":"es_ES","og_type":"article","og_title":"C\u00f3mo preparar una propiedad para alquilarla por primera vez - Alda - Blog","og_description":"Alquilar una propiedad por primera vez puede parecer un proceso sencillo, pero una preparaci\u00f3n adecuada marca una diferencia clave en [&hellip;]","og_url":"https:\/\/www.alda.com.uy\/blog\/como-preparar-una-propiedad-para-alquilarla-por-primera-vez\/","og_site_name":"Alda - Blog","article_published_time":"2026-01-05T13:35:36+00:00","og_image":[{"width":1200,"height":800,"url":"https:\/\/www.alda.com.uy\/blog\/wp-content\/uploads\/2025\/12\/Como-preparar-una-propiedad-para-alquilarla-por-primera-vez.png","type":"image\/png"}],"author":"Alda","twitter_card":"summary_large_image","twitter_misc":{"Escrito por":"Alda","Tiempo de lectura":"5 minutos"},"schema":{"@context":"https:\/\/schema.org","@graph":[{"@type":"Article","@id":"https:\/\/www.alda.com.uy\/blog\/como-preparar-una-propiedad-para-alquilarla-por-primera-vez\/#article","isPartOf":{"@id":"https:\/\/www.alda.com.uy\/blog\/como-preparar-una-propiedad-para-alquilarla-por-primera-vez\/"},"author":{"name":"Alda","@id":"https:\/\/www.alda.com.uy\/blog\/#\/schema\/person\/4ec1cb1a9636e59e3439fd923fb08e6f"},"headline":"C\u00f3mo preparar una propiedad para alquilarla por primera vez","datePublished":"2026-01-05T13:35:36+00:00","dateModified":"2026-01-05T13:35:36+00:00","mainEntityOfPage":{"@id":"https:\/\/www.alda.com.uy\/blog\/como-preparar-una-propiedad-para-alquilarla-por-primera-vez\/"},"wordCount":891,"commentCount":0,"publisher":{"@id":"https:\/\/www.alda.com.uy\/blog\/#organization"},"image":{"@id":"https:\/\/www.alda.com.uy\/blog\/como-preparar-una-propiedad-para-alquilarla-por-primera-vez\/#primaryimage"},"thumbnailUrl":"https:\/\/www.alda.com.uy\/blog\/wp-content\/uploads\/2025\/12\/Como-preparar-una-propiedad-para-alquilarla-por-primera-vez.png","articleSection":["Tips Inmobiliarios"],"inLanguage":"es","potentialAction":[{"@type":"CommentAction","name":"Comment","target":["https:\/\/www.alda.com.uy\/blog\/como-preparar-una-propiedad-para-alquilarla-por-primera-vez\/#respond"]}]},{"@type":"WebPage","@id":"https:\/\/www.alda.com.uy\/blog\/como-preparar-una-propiedad-para-alquilarla-por-primera-vez\/","url":"https:\/\/www.alda.com.uy\/blog\/como-preparar-una-propiedad-para-alquilarla-por-primera-vez\/","name":"C\u00f3mo preparar una propiedad para alquilarla por primera vez - Alda - Blog","isPartOf":{"@id":"https:\/\/www.alda.com.uy\/blog\/#website"},"primaryImageOfPage":{"@id":"https:\/\/www.alda.com.uy\/blog\/como-preparar-una-propiedad-para-alquilarla-por-primera-vez\/#primaryimage"},"image":{"@id":"https:\/\/www.alda.com.uy\/blog\/como-preparar-una-propiedad-para-alquilarla-por-primera-vez\/#primaryimage"},"thumbnailUrl":"https:\/\/www.alda.com.uy\/blog\/wp-content\/uploads\/2025\/12\/Como-preparar-una-propiedad-para-alquilarla-por-primera-vez.png","datePublished":"2026-01-05T13:35:36+00:00","dateModified":"2026-01-05T13:35:36+00:00","breadcrumb":{"@id":"https:\/\/www.alda.com.uy\/blog\/como-preparar-una-propiedad-para-alquilarla-por-primera-vez\/#breadcrumb"},"inLanguage":"es","potentialAction":[{"@type":"ReadAction","target":["https:\/\/www.alda.com.uy\/blog\/como-preparar-una-propiedad-para-alquilarla-por-primera-vez\/"]}]},{"@type":"ImageObject","inLanguage":"es","@id":"https:\/\/www.alda.com.uy\/blog\/como-preparar-una-propiedad-para-alquilarla-por-primera-vez\/#primaryimage","url":"https:\/\/www.alda.com.uy\/blog\/wp-content\/uploads\/2025\/12\/Como-preparar-una-propiedad-para-alquilarla-por-primera-vez.png","contentUrl":"https:\/\/www.alda.com.uy\/blog\/wp-content\/uploads\/2025\/12\/Como-preparar-una-propiedad-para-alquilarla-por-primera-vez.png","width":1200,"height":800},{"@type":"BreadcrumbList","@id":"https:\/\/www.alda.com.uy\/blog\/como-preparar-una-propiedad-para-alquilarla-por-primera-vez\/#breadcrumb","itemListElement":[{"@type":"ListItem","position":1,"name":"Portada","item":"https:\/\/www.alda.com.uy\/blog\/"},{"@type":"ListItem","position":2,"name":"C\u00f3mo preparar una propiedad para alquilarla por primera vez"}]},{"@type":"WebSite","@id":"https:\/\/www.alda.com.uy\/blog\/#website","url":"https:\/\/www.alda.com.uy\/blog\/","name":"Alda - Blog","description":"Tendencias y consejos sobre el mercado inmobiliario en Uruguay","publisher":{"@id":"https:\/\/www.alda.com.uy\/blog\/#organization"},"potentialAction":[{"@type":"SearchAction","target":{"@type":"EntryPoint","urlTemplate":"https:\/\/www.alda.com.uy\/blog\/?s={search_term_string}"},"query-input":"required name=search_term_string"}],"inLanguage":"es"},{"@type":"Organization","@id":"https:\/\/www.alda.com.uy\/blog\/#organization","name":"Alda - Blog","url":"https:\/\/www.alda.com.uy\/blog\/","logo":{"@type":"ImageObject","inLanguage":"es","@id":"https:\/\/www.alda.com.uy\/blog\/#\/schema\/logo\/image\/","url":"https:\/\/www.alda.com.uy\/blog\/wp-content\/uploads\/2024\/06\/LogoHeader.png","contentUrl":"https:\/\/www.alda.com.uy\/blog\/wp-content\/uploads\/2024\/06\/LogoHeader.png","width":239,"height":66,"caption":"Alda - Blog"},"image":{"@id":"https:\/\/www.alda.com.uy\/blog\/#\/schema\/logo\/image\/"}},{"@type":"Person","@id":"https:\/\/www.alda.com.uy\/blog\/#\/schema\/person\/4ec1cb1a9636e59e3439fd923fb08e6f","name":"Alda","image":{"@type":"ImageObject","inLanguage":"es","@id":"https:\/\/www.alda.com.uy\/blog\/#\/schema\/person\/image\/","url":"https:\/\/secure.gravatar.com\/avatar\/aabaa1d81ba8bc53b3528985ffd731ff0d97d45e984ee3c0f03251c64a15a1ad?s=96&d=mm&r=g","contentUrl":"https:\/\/secure.gravatar.com\/avatar\/aabaa1d81ba8bc53b3528985ffd731ff0d97d45e984ee3c0f03251c64a15a1ad?s=96&d=mm&r=g","caption":"Alda"},"sameAs":["https:\/\/www.alda.com.uy\/blog"],"url":"https:\/\/www.alda.com.uy\/blog\/author\/juan\/"}]}},"_links":{"self":[{"href":"https:\/\/www.alda.com.uy\/blog\/wp-json\/wp\/v2\/posts\/1466","targetHints":{"allow":["GET"]}}],"collection":[{"href":"https:\/\/www.alda.com.uy\/blog\/wp-json\/wp\/v2\/posts"}],"about":[{"href":"https:\/\/www.alda.com.uy\/blog\/wp-json\/wp\/v2\/types\/post"}],"author":[{"embeddable":true,"href":"https:\/\/www.alda.com.uy\/blog\/wp-json\/wp\/v2\/users\/1"}],"replies":[{"embeddable":true,"href":"https:\/\/www.alda.com.uy\/blog\/wp-json\/wp\/v2\/comments?post=1466"}],"version-history":[{"count":3,"href":"https:\/\/www.alda.com.uy\/blog\/wp-json\/wp\/v2\/posts\/1466\/revisions"}],"predecessor-version":[{"id":1512,"href":"https:\/\/www.alda.com.uy\/blog\/wp-json\/wp\/v2\/posts\/1466\/revisions\/1512"}],"wp:featuredmedia":[{"embeddable":true,"href":"https:\/\/www.alda.com.uy\/blog\/wp-json\/wp\/v2\/media\/1474"}],"wp:attachment":[{"href":"https:\/\/www.alda.com.uy\/blog\/wp-json\/wp\/v2\/media?parent=1466"}],"wp:term":[{"taxonomy":"category","embeddable":true,"href":"https:\/\/www.alda.com.uy\/blog\/wp-json\/wp\/v2\/categories?post=1466"},{"taxonomy":"post_tag","embeddable":true,"href":"https:\/\/www.alda.com.uy\/blog\/wp-json\/wp\/v2\/tags?post=1466"}],"curies":[{"name":"wp","href":"https:\/\/api.w.org\/{rel}","templated":true}]}}